{"id":7570,"date":"2025-05-21T13:43:38","date_gmt":"2025-05-21T12:43:38","guid":{"rendered":"https:\/\/enseignementsuptchad.net\/?p=7570"},"modified":"2025-05-23T10:21:49","modified_gmt":"2025-05-23T09:21:49","slug":"sejour-du-ministre-de-lenseignement-superieur-en-guinee","status":"publish","type":"post","link":"https:\/\/enseignementsuptchad.net\/ar\/2025\/05\/21\/sejour-du-ministre-de-lenseignement-superieur-en-guinee\/","title":{"rendered":"S\u00e9jour du Ministre d&rsquo;Etat, Ministre de  l&rsquo;Enseignement Sup\u00e9rieur du Tchad en Guin\u00e9e"},"content":{"rendered":"<p>Le Ministre d&rsquo;Etat, Ministre de l\u2019Enseignement sup\u00e9rieur, de la Recherche Scientifique et de la Formation Professionnelle s\u00e9journe depuis le samedi 17 mai 2024 \u00e0 Conakry en Guin\u00e9e. Accompagn\u00e9 du Secr\u00e9taire G\u00e9n\u00e9ral du Minist\u00e8re, du Directeur G\u00e9n\u00e9ral de l\u2019enseignement sup\u00e9rieur et du Conseiller du Premier Ministre charg\u00e9 de l&rsquo;Enseignement Sup\u00e9rieur, le Ministre d\u2019Etat prend part \u00e0 la 42\u00e8me session ordinaire du Conseil des Ministres du Conseil Africain et Malgache pour l\u2019Enseignement Sup\u00e9rieur (CAMES).<br>Cette session r\u00e9unie les repr\u00e9sentants de 15 pays membres, venus pour analyser les orientations strat\u00e9giques de l\u2019Institution.<br>les travaux ont d\u00e9marr\u00e9 ce matin par la r\u00e9union du Comit\u00e9 des experts dont la c\u00e9r\u00e9monie officielle d\u2019ouverture des travaux a \u00e9t\u00e9 pr\u00e9sid\u00e9e par le Ministre guin\u00e9en de l\u2019Enseignement sup\u00e9rieur, de la Recherche scientifique et de l\u2019Innovation. La r\u00e9union des Ministres d\u00e9butera le 21 mai .<br>La cl\u00f4ture des travaux est pr\u00e9vue pour le vendredi 23 mai 2025, avec la lecture du rapport final et la pr\u00e9sentation des diff\u00e9rentes motions adopt\u00e9es.<\/p>","protected":false},"excerpt":{"rendered":"<p>Le Ministre d&rsquo;Etat, Ministre de l\u2019Enseignement sup\u00e9rieur, de la Recherche et de la Formation Professionnelle s\u00e9journe depuis le samedi 17 mai 2024 \u00e0 Conakry en Guin\u00e9e.   <\/p>","protected":false},"author":1,"featured_media":7571,"comment_status":"open","ping_status":"open","sticky":false,"template":"","format":"standard","meta":{"_eb_attr":"","footnotes":""},"categories":[1],"tags":[],"table_tags":[],"class_list":["post-7570","post","type-post","status-publish","format-standard","has-post-thumbnail","hentry","category-actualites"],"yoast_head":"<!-- This site is optimized with the Yoast SEO plugin v27.4 - https:\/\/yoast.com\/product\/yoast-seo-wordpress\/ -->\n<title>S\u00e9jour du Ministre d&#039;Etat, Ministre de l&#039;Enseignement Sup\u00e9rieur du Tchad en Guin\u00e9e - Enseignement Sup\u00e9rieur du Tchad<\/title>\n<meta name=\"robots\" content=\"index, follow, max-snippet:-1, max-image-preview:large, max-video-preview:-1\" \/>\n<link rel=\"canonical\" href=\"https:\/\/enseignementsuptchad.net\/ar\/2025\/05\/21\/sejour-du-ministre-de-lenseignement-superieur-en-guinee\/\" \/>\n<meta property=\"og:locale\" content=\"ar_AR\" \/>\n<meta property=\"og:type\" content=\"article\" \/>\n<meta property=\"og:title\" content=\"S\u00e9jour du Ministre d&#039;Etat, Ministre de l&#039;Enseignement Sup\u00e9rieur du Tchad en Guin\u00e9e - Enseignement Sup\u00e9rieur du Tchad\" \/>\n<meta property=\"og:description\" content=\"Le Ministre d&#039;Etat, Ministre de l\u2019Enseignement sup\u00e9rieur, de la Recherche et de la Formation Professionnelle s\u00e9journe depuis le samedi 17 mai 2024 \u00e0 Conakry en Guin\u00e9e.\" \/>\n<meta property=\"og:url\" content=\"https:\/\/enseignementsuptchad.net\/ar\/2025\/05\/21\/sejour-du-ministre-de-lenseignement-superieur-en-guinee\/\" \/>\n<meta property=\"og:site_name\" content=\"Enseignement Sup\u00e9rieur du Tchad\" \/>\n<meta property=\"article:published_time\" content=\"2025-05-21T12:43:38+00:00\" \/>\n<meta property=\"article:modified_time\" content=\"2025-05-23T09:21:49+00:00\" \/>\n<meta property=\"og:image\" content=\"https:\/\/enseignementsuptchad.net\/wp-content\/uploads\/2025\/05\/SG-MIN.png\" \/>\n\t<meta property=\"og:image:width\" content=\"743\" \/>\n\t<meta property=\"og:image:height\" content=\"583\" \/>\n\t<meta property=\"og:image:type\" content=\"image\/png\" \/>\n<meta name=\"author\" content=\"admin\" \/>\n<meta name=\"twitter:card\" content=\"summary_large_image\" \/>\n<meta name=\"twitter:label1\" content=\"\u0643\u064f\u062a\u0628 \u0628\u0648\u0627\u0633\u0637\u0629\" \/>\n\t<meta name=\"twitter:data1\" content=\"admin\" \/>\n\t<meta name=\"twitter:label2\" content=\"\u0648\u0642\u062a \u0627\u0644\u0642\u0631\u0627\u0621\u0629 \u0627\u0644\u0645\u064f\u0642\u062f\u0651\u0631\" \/>\n\t<meta name=\"twitter:data2\" content=\"\u062f\u0642\u064a\u0642\u062a\u0627\u0646\" \/>\n<script type=\"application\/ld+json\" class=\"yoast-schema-graph\">{\"@context\":\"https:\\\/\\\/schema.org\",\"@graph\":[{\"@type\":\"Article\",\"@id\":\"https:\\\/\\\/enseignementsuptchad.net\\\/2025\\\/05\\\/21\\\/sejour-du-ministre-de-lenseignement-superieur-en-guinee\\\/#article\",\"isPartOf\":{\"@id\":\"https:\\\/\\\/enseignementsuptchad.net\\\/2025\\\/05\\\/21\\\/sejour-du-ministre-de-lenseignement-superieur-en-guinee\\\/\"},\"author\":{\"name\":\"admin\",\"@id\":\"https:\\\/\\\/enseignementsuptchad.net\\\/#\\\/schema\\\/person\\\/4579467408ed17e7eaa72361e509631a\"},\"headline\":\"S\u00e9jour du Ministre d&rsquo;Etat, Ministre de l&rsquo;Enseignement Sup\u00e9rieur du Tchad en Guin\u00e9e\",\"datePublished\":\"2025-05-21T12:43:38+00:00\",\"dateModified\":\"2025-05-23T09:21:49+00:00\",\"mainEntityOfPage\":{\"@id\":\"https:\\\/\\\/enseignementsuptchad.net\\\/2025\\\/05\\\/21\\\/sejour-du-ministre-de-lenseignement-superieur-en-guinee\\\/\"},\"wordCount\":208,\"commentCount\":0,\"publisher\":{\"@id\":\"https:\\\/\\\/enseignementsuptchad.net\\\/#organization\"},\"image\":{\"@id\":\"https:\\\/\\\/enseignementsuptchad.net\\\/2025\\\/05\\\/21\\\/sejour-du-ministre-de-lenseignement-superieur-en-guinee\\\/#primaryimage\"},\"thumbnailUrl\":\"https:\\\/\\\/enseignementsuptchad.net\\\/wp-content\\\/uploads\\\/2025\\\/05\\\/SG-MIN.png\",\"articleSection\":[\"Actualit\u00e9s\"],\"inLanguage\":\"ar\",\"potentialAction\":[{\"@type\":\"CommentAction\",\"name\":\"Comment\",\"target\":[\"https:\\\/\\\/enseignementsuptchad.net\\\/2025\\\/05\\\/21\\\/sejour-du-ministre-de-lenseignement-superieur-en-guinee\\\/#respond\"]}]},{\"@type\":\"WebPage\",\"@id\":\"https:\\\/\\\/enseignementsuptchad.net\\\/2025\\\/05\\\/21\\\/sejour-du-ministre-de-lenseignement-superieur-en-guinee\\\/\",\"url\":\"https:\\\/\\\/enseignementsuptchad.net\\\/2025\\\/05\\\/21\\\/sejour-du-ministre-de-lenseignement-superieur-en-guinee\\\/\",\"name\":\"S\u00e9jour du Ministre d'Etat, Ministre de l'Enseignement Sup\u00e9rieur du Tchad en Guin\u00e9e - Enseignement Sup\u00e9rieur du Tchad\",\"isPartOf\":{\"@id\":\"https:\\\/\\\/enseignementsuptchad.net\\\/#website\"},\"primaryImageOfPage\":{\"@id\":\"https:\\\/\\\/enseignementsuptchad.net\\\/2025\\\/05\\\/21\\\/sejour-du-ministre-de-lenseignement-superieur-en-guinee\\\/#primaryimage\"},\"image\":{\"@id\":\"https:\\\/\\\/enseignementsuptchad.net\\\/2025\\\/05\\\/21\\\/sejour-du-ministre-de-lenseignement-superieur-en-guinee\\\/#primaryimage\"},\"thumbnailUrl\":\"https:\\\/\\\/enseignementsuptchad.net\\\/wp-content\\\/uploads\\\/2025\\\/05\\\/SG-MIN.png\",\"datePublished\":\"2025-05-21T12:43:38+00:00\",\"dateModified\":\"2025-05-23T09:21:49+00:00\",\"breadcrumb\":{\"@id\":\"https:\\\/\\\/enseignementsuptchad.net\\\/2025\\\/05\\\/21\\\/sejour-du-ministre-de-lenseignement-superieur-en-guinee\\\/#breadcrumb\"},\"inLanguage\":\"ar\",\"potentialAction\":[{\"@type\":\"ReadAction\",\"target\":[\"https:\\\/\\\/enseignementsuptchad.net\\\/2025\\\/05\\\/21\\\/sejour-du-ministre-de-lenseignement-superieur-en-guinee\\\/\"]}]},{\"@type\":\"ImageObject\",\"inLanguage\":\"ar\",\"@id\":\"https:\\\/\\\/enseignementsuptchad.net\\\/2025\\\/05\\\/21\\\/sejour-du-ministre-de-lenseignement-superieur-en-guinee\\\/#primaryimage\",\"url\":\"https:\\\/\\\/enseignementsuptchad.net\\\/wp-content\\\/uploads\\\/2025\\\/05\\\/SG-MIN.png\",\"contentUrl\":\"https:\\\/\\\/enseignementsuptchad.net\\\/wp-content\\\/uploads\\\/2025\\\/05\\\/SG-MIN.png\",\"width\":743,\"height\":583},{\"@type\":\"BreadcrumbList\",\"@id\":\"https:\\\/\\\/enseignementsuptchad.net\\\/2025\\\/05\\\/21\\\/sejour-du-ministre-de-lenseignement-superieur-en-guinee\\\/#breadcrumb\",\"itemListElement\":[{\"@type\":\"ListItem\",\"position\":1,\"name\":\"Home\",\"item\":\"https:\\\/\\\/enseignementsuptchad.net\\\/\"},{\"@type\":\"ListItem\",\"position\":2,\"name\":\"S\u00e9jour du Ministre d&rsquo;Etat, Ministre de l&rsquo;Enseignement Sup\u00e9rieur du Tchad en Guin\u00e9e\"}]},{\"@type\":\"WebSite\",\"@id\":\"https:\\\/\\\/enseignementsuptchad.net\\\/#website\",\"url\":\"https:\\\/\\\/enseignementsuptchad.net\\\/\",\"name\":\"Enseignement Sup\u00e9rieur du Tchad\",\"description\":\"\",\"publisher\":{\"@id\":\"https:\\\/\\\/enseignementsuptchad.net\\\/#organization\"},\"potentialAction\":[{\"@type\":\"SearchAction\",\"target\":{\"@type\":\"EntryPoint\",\"urlTemplate\":\"https:\\\/\\\/enseignementsuptchad.net\\\/?s={search_term_string}\"},\"query-input\":{\"@type\":\"PropertyValueSpecification\",\"valueRequired\":true,\"valueName\":\"search_term_string\"}}],\"inLanguage\":\"ar\"},{\"@type\":\"Organization\",\"@id\":\"https:\\\/\\\/enseignementsuptchad.net\\\/#organization\",\"name\":\"Enseignement Sup\u00e9rieur du Tchad\",\"url\":\"https:\\\/\\\/enseignementsuptchad.net\\\/\",\"logo\":{\"@type\":\"ImageObject\",\"inLanguage\":\"ar\",\"@id\":\"https:\\\/\\\/enseignementsuptchad.net\\\/#\\\/schema\\\/logo\\\/image\\\/\",\"url\":\"https:\\\/\\\/enseignementsuptchad.net\\\/wp-content\\\/uploads\\\/2025\\\/04\\\/cropped-Plan-de-travail-1-1-1-e1748262558104.png\",\"contentUrl\":\"https:\\\/\\\/enseignementsuptchad.net\\\/wp-content\\\/uploads\\\/2025\\\/04\\\/cropped-Plan-de-travail-1-1-1-e1748262558104.png\",\"width\":162,\"height\":136,\"caption\":\"Enseignement Sup\u00e9rieur du Tchad\"},\"image\":{\"@id\":\"https:\\\/\\\/enseignementsuptchad.net\\\/#\\\/schema\\\/logo\\\/image\\\/\"}},{\"@type\":\"Person\",\"@id\":\"https:\\\/\\\/enseignementsuptchad.net\\\/#\\\/schema\\\/person\\\/4579467408ed17e7eaa72361e509631a\",\"name\":\"admin\",\"image\":{\"@type\":\"ImageObject\",\"inLanguage\":\"ar\",\"@id\":\"https:\\\/\\\/secure.gravatar.com\\\/avatar\\\/0a9041070f0d9a1956dd2171571c1258a7d6655dbbc262167e8b8edabf68fe08?s=96&d=mm&r=g\",\"url\":\"https:\\\/\\\/secure.gravatar.com\\\/avatar\\\/0a9041070f0d9a1956dd2171571c1258a7d6655dbbc262167e8b8edabf68fe08?s=96&d=mm&r=g\",\"contentUrl\":\"https:\\\/\\\/secure.gravatar.com\\\/avatar\\\/0a9041070f0d9a1956dd2171571c1258a7d6655dbbc262167e8b8edabf68fe08?s=96&d=mm&r=g\",\"caption\":\"admin\"},\"sameAs\":[\"https:\\\/\\\/enseignementsuptchad.net\"],\"url\":\"https:\\\/\\\/enseignementsuptchad.net\\\/ar\\\/author\\\/admin\\\/\"}]}<\/script>\n<!-- \/ Yoast SEO plugin. -->","yoast_head_json":{"title":"S\u00e9jour du Ministre d'Etat, Ministre de l'Enseignement Sup\u00e9rieur du Tchad en Guin\u00e9e - Enseignement Sup\u00e9rieur du Tchad","robots":{"index":"index","follow":"follow","max-snippet":"max-snippet:-1","max-image-preview":"max-image-preview:large","max-video-preview":"max-video-preview:-1"},"canonical":"https:\/\/enseignementsuptchad.net\/ar\/2025\/05\/21\/sejour-du-ministre-de-lenseignement-superieur-en-guinee\/","og_locale":"ar_AR","og_type":"article","og_title":"S\u00e9jour du Ministre d'Etat, Ministre de l'Enseignement Sup\u00e9rieur du Tchad en Guin\u00e9e - Enseignement Sup\u00e9rieur du Tchad","og_description":"Le Ministre d'Etat, Ministre de l\u2019Enseignement sup\u00e9rieur, de la Recherche et de la Formation Professionnelle s\u00e9journe depuis le samedi 17 mai 2024 \u00e0 Conakry en Guin\u00e9e.","og_url":"https:\/\/enseignementsuptchad.net\/ar\/2025\/05\/21\/sejour-du-ministre-de-lenseignement-superieur-en-guinee\/","og_site_name":"Enseignement Sup\u00e9rieur du Tchad","article_published_time":"2025-05-21T12:43:38+00:00","article_modified_time":"2025-05-23T09:21:49+00:00","og_image":[{"width":743,"height":583,"url":"https:\/\/enseignementsuptchad.net\/wp-content\/uploads\/2025\/05\/SG-MIN.png","type":"image\/png"}],"author":"admin","twitter_card":"summary_large_image","twitter_misc":{"\u0643\u064f\u062a\u0628 \u0628\u0648\u0627\u0633\u0637\u0629":"admin","\u0648\u0642\u062a \u0627\u0644\u0642\u0631\u0627\u0621\u0629 \u0627\u0644\u0645\u064f\u0642\u062f\u0651\u0631":"\u062f\u0642\u064a\u0642\u062a\u0627\u0646"},"schema":{"@context":"https:\/\/schema.org","@graph":[{"@type":"Article","@id":"https:\/\/enseignementsuptchad.net\/2025\/05\/21\/sejour-du-ministre-de-lenseignement-superieur-en-guinee\/#article","isPartOf":{"@id":"https:\/\/enseignementsuptchad.net\/2025\/05\/21\/sejour-du-ministre-de-lenseignement-superieur-en-guinee\/"},"author":{"name":"admin","@id":"https:\/\/enseignementsuptchad.net\/#\/schema\/person\/4579467408ed17e7eaa72361e509631a"},"headline":"S\u00e9jour du Ministre d&rsquo;Etat, Ministre de l&rsquo;Enseignement Sup\u00e9rieur du Tchad en Guin\u00e9e","datePublished":"2025-05-21T12:43:38+00:00","dateModified":"2025-05-23T09:21:49+00:00","mainEntityOfPage":{"@id":"https:\/\/enseignementsuptchad.net\/2025\/05\/21\/sejour-du-ministre-de-lenseignement-superieur-en-guinee\/"},"wordCount":208,"commentCount":0,"publisher":{"@id":"https:\/\/enseignementsuptchad.net\/#organization"},"image":{"@id":"https:\/\/enseignementsuptchad.net\/2025\/05\/21\/sejour-du-ministre-de-lenseignement-superieur-en-guinee\/#primaryimage"},"thumbnailUrl":"https:\/\/enseignementsuptchad.net\/wp-content\/uploads\/2025\/05\/SG-MIN.png","articleSection":["Actualit\u00e9s"],"inLanguage":"ar","potentialAction":[{"@type":"CommentAction","name":"Comment","target":["https:\/\/enseignementsuptchad.net\/2025\/05\/21\/sejour-du-ministre-de-lenseignement-superieur-en-guinee\/#respond"]}]},{"@type":"WebPage","@id":"https:\/\/enseignementsuptchad.net\/2025\/05\/21\/sejour-du-ministre-de-lenseignement-superieur-en-guinee\/","url":"https:\/\/enseignementsuptchad.net\/2025\/05\/21\/sejour-du-ministre-de-lenseignement-superieur-en-guinee\/","name":"S\u00e9jour du Ministre d'Etat, Ministre de l'Enseignement Sup\u00e9rieur du Tchad en Guin\u00e9e - Enseignement Sup\u00e9rieur du Tchad","isPartOf":{"@id":"https:\/\/enseignementsuptchad.net\/#website"},"primaryImageOfPage":{"@id":"https:\/\/enseignementsuptchad.net\/2025\/05\/21\/sejour-du-ministre-de-lenseignement-superieur-en-guinee\/#primaryimage"},"image":{"@id":"https:\/\/enseignementsuptchad.net\/2025\/05\/21\/sejour-du-ministre-de-lenseignement-superieur-en-guinee\/#primaryimage"},"thumbnailUrl":"https:\/\/enseignementsuptchad.net\/wp-content\/uploads\/2025\/05\/SG-MIN.png","datePublished":"2025-05-21T12:43:38+00:00","dateModified":"2025-05-23T09:21:49+00:00","breadcrumb":{"@id":"https:\/\/enseignementsuptchad.net\/2025\/05\/21\/sejour-du-ministre-de-lenseignement-superieur-en-guinee\/#breadcrumb"},"inLanguage":"ar","potentialAction":[{"@type":"ReadAction","target":["https:\/\/enseignementsuptchad.net\/2025\/05\/21\/sejour-du-ministre-de-lenseignement-superieur-en-guinee\/"]}]},{"@type":"ImageObject","inLanguage":"ar","@id":"https:\/\/enseignementsuptchad.net\/2025\/05\/21\/sejour-du-ministre-de-lenseignement-superieur-en-guinee\/#primaryimage","url":"https:\/\/enseignementsuptchad.net\/wp-content\/uploads\/2025\/05\/SG-MIN.png","contentUrl":"https:\/\/enseignementsuptchad.net\/wp-content\/uploads\/2025\/05\/SG-MIN.png","width":743,"height":583},{"@type":"BreadcrumbList","@id":"https:\/\/enseignementsuptchad.net\/2025\/05\/21\/sejour-du-ministre-de-lenseignement-superieur-en-guinee\/#breadcrumb","itemListElement":[{"@type":"ListItem","position":1,"name":"Home","item":"https:\/\/enseignementsuptchad.net\/"},{"@type":"ListItem","position":2,"name":"S\u00e9jour du Ministre d&rsquo;Etat, Ministre de l&rsquo;Enseignement Sup\u00e9rieur du Tchad en Guin\u00e9e"}]},{"@type":"WebSite","@id":"https:\/\/enseignementsuptchad.net\/#website","url":"https:\/\/enseignementsuptchad.net\/","name":"Enseignement Sup\u00e9rieur du Tchad","description":"","publisher":{"@id":"https:\/\/enseignementsuptchad.net\/#organization"},"potentialAction":[{"@type":"SearchAction","target":{"@type":"EntryPoint","urlTemplate":"https:\/\/enseignementsuptchad.net\/?s={search_term_string}"},"query-input":{"@type":"PropertyValueSpecification","valueRequired":true,"valueName":"search_term_string"}}],"inLanguage":"ar"},{"@type":"Organization","@id":"https:\/\/enseignementsuptchad.net\/#organization","name":"Enseignement Sup\u00e9rieur du Tchad","url":"https:\/\/enseignementsuptchad.net\/","logo":{"@type":"ImageObject","inLanguage":"ar","@id":"https:\/\/enseignementsuptchad.net\/#\/schema\/logo\/image\/","url":"https:\/\/enseignementsuptchad.net\/wp-content\/uploads\/2025\/04\/cropped-Plan-de-travail-1-1-1-e1748262558104.png","contentUrl":"https:\/\/enseignementsuptchad.net\/wp-content\/uploads\/2025\/04\/cropped-Plan-de-travail-1-1-1-e1748262558104.png","width":162,"height":136,"caption":"Enseignement Sup\u00e9rieur du Tchad"},"image":{"@id":"https:\/\/enseignementsuptchad.net\/#\/schema\/logo\/image\/"}},{"@type":"Person","@id":"https:\/\/enseignementsuptchad.net\/#\/schema\/person\/4579467408ed17e7eaa72361e509631a","name":"admin","image":{"@type":"ImageObject","inLanguage":"ar","@id":"https:\/\/secure.gravatar.com\/avatar\/0a9041070f0d9a1956dd2171571c1258a7d6655dbbc262167e8b8edabf68fe08?s=96&d=mm&r=g","url":"https:\/\/secure.gravatar.com\/avatar\/0a9041070f0d9a1956dd2171571c1258a7d6655dbbc262167e8b8edabf68fe08?s=96&d=mm&r=g","contentUrl":"https:\/\/secure.gravatar.com\/avatar\/0a9041070f0d9a1956dd2171571c1258a7d6655dbbc262167e8b8edabf68fe08?s=96&d=mm&r=g","caption":"admin"},"sameAs":["https:\/\/enseignementsuptchad.net"],"url":"https:\/\/enseignementsuptchad.net\/ar\/author\/admin\/"}]}},"_links":{"self":[{"href":"https:\/\/enseignementsuptchad.net\/ar\/wp-json\/wp\/v2\/posts\/7570","targetHints":{"allow":["GET"]}}],"collection":[{"href":"https:\/\/enseignementsuptchad.net\/ar\/wp-json\/wp\/v2\/posts"}],"about":[{"href":"https:\/\/enseignementsuptchad.net\/ar\/wp-json\/wp\/v2\/types\/post"}],"author":[{"embeddable":true,"href":"https:\/\/enseignementsuptchad.net\/ar\/wp-json\/wp\/v2\/users\/1"}],"replies":[{"embeddable":true,"href":"https:\/\/enseignementsuptchad.net\/ar\/wp-json\/wp\/v2\/comments?post=7570"}],"version-history":[{"count":3,"href":"https:\/\/enseignementsuptchad.net\/ar\/wp-json\/wp\/v2\/posts\/7570\/revisions"}],"predecessor-version":[{"id":7616,"href":"https:\/\/enseignementsuptchad.net\/ar\/wp-json\/wp\/v2\/posts\/7570\/revisions\/7616"}],"wp:featuredmedia":[{"embeddable":true,"href":"https:\/\/enseignementsuptchad.net\/ar\/wp-json\/wp\/v2\/media\/7571"}],"wp:attachment":[{"href":"https:\/\/enseignementsuptchad.net\/ar\/wp-json\/wp\/v2\/media?parent=7570"}],"wp:term":[{"taxonomy":"category","embeddable":true,"href":"https:\/\/enseignementsuptchad.net\/ar\/wp-json\/wp\/v2\/categories?post=7570"},{"taxonomy":"post_tag","embeddable":true,"href":"https:\/\/enseignementsuptchad.net\/ar\/wp-json\/wp\/v2\/tags?post=7570"},{"taxonomy":"table_tags","embeddable":true,"href":"https:\/\/enseignementsuptchad.net\/ar\/wp-json\/wp\/v2\/table_tags?post=7570"}],"curies":[{"name":"wp","href":"https:\/\/api.w.org\/{rel}","templated":true}]}}