{"id":7741,"date":"2025-06-02T10:30:55","date_gmt":"2025-06-02T09:30:55","guid":{"rendered":"https:\/\/enseignementsuptchad.net\/?p=7741"},"modified":"2025-06-05T09:55:53","modified_gmt":"2025-06-05T08:55:53","slug":"lancement_officiel_du_bac_2025","status":"publish","type":"post","link":"https:\/\/enseignementsuptchad.net\/ar\/2025\/06\/02\/lancement_officiel_du_bac_2025\/","title":{"rendered":"LANCEMENT OFFICIEL DU BAC 2025"},"content":{"rendered":"<p>Le Ministre d&rsquo;\u00c9tat, Ministre de l&rsquo;Enseignement Sup\u00e9rieur, de la Recherche Scientifique et de la Formation Professionnelle TOM ERDIMI accompagn\u00e9 de son coll\u00e8gue de l&rsquo;\u00c9ducation Nationale et de la Promotion Civique Aboubacar Assidick Choroma a officiellement lanc\u00e9 ce matin au Lyc\u00e9e Technique Commercial (LTC) de N&rsquo;Djamena la premi\u00e8re s\u00e9rie d&rsquo;\u00e9preuves \u00e9crites du baccalaur\u00e9at de l&rsquo;Enseignement secondaire g\u00e9n\u00e9ral et technique session de juin 2025. Au <a><\/a>total 104 440 candidats toutes s\u00e9ries confondues composent sur l&rsquo;ensemble du territoire national. Parmi ces candidats, 6 430 sont des \u00e9trangers soit 06,16%.<\/p>\n\n\n\n<p>Lan\u00e7ant les \u00e9preuves, le Ministre d&rsquo;\u00c9tat a d\u00e9clar\u00e9 que le baccalaur\u00e9at couronne les efforts scolaires de 9 mois de cours. A cet effet, il a souhait\u00e9 bon travail aux candidats et a invit\u00e9 les diff\u00e9rents acteurs impliqu\u00e9s dans le processus du Bac a la gestion efficace et professionnelle \u00e0 toutes les \u00e9tapes. Le Ministre d&rsquo;\u00c9tat a aussi mis en garde les fauteurs de troubles pendant ce moment crucial avant d&rsquo;inviter les autorit\u00e9s administratives d\u00e9concentr\u00e9es de l&rsquo;\u00c9tat et les acteurs du jury \u00e0 veiller au bon d\u00e9roulement de cet examen national.<\/p>\n\n\n\n<figure class=\"wp-block-gallery has-nested-images columns-default is-cropped wp-block-gallery-1 is-layout-flex wp-block-gallery-is-layout-flex\">\n<figure class=\"wp-block-image size-large\"><img fetchpriority=\"high\" width=\"1016\" height=\"780\" data-id=\"7745\"  alt=\"\" class=\"wp-image-7745 lws-optimize-lazyload\"><\/figure>\n\n\n\n<figure class=\"wp-block-image size-large\"><img width=\"1024\" height=\"933\" data-id=\"7748\"  alt=\"\" class=\"wp-image-7748 lws-optimize-lazyload\"><\/figure>\n\n\n\n<figure class=\"wp-block-image size-large\"><img width=\"1016\" height=\"762\" data-id=\"7747\"  alt=\"\" class=\"wp-image-7747 lws-optimize-lazyload\"><\/figure>\n\n\n\n<figure class=\"wp-block-image size-large\"><img loading=\"lazy\" width=\"1016\" height=\"764\" data-id=\"7746\"  alt=\"\" class=\"wp-image-7746 lws-optimize-lazyload\"><\/figure>\n<\/figure>","protected":false},"excerpt":{"rendered":"<p>Le Ministre d&rsquo;\u00c9tat, Ministre de l&rsquo;Enseignement Sup\u00e9rieur, de la Recherche Scientifique et de la Formation Professionnelle TOM ERDIMI accompagn\u00e9 de son coll\u00e8gue de l&rsquo;\u00c9ducation Nationale et de la Promotion Civique Aboubacar Assidick Choroma a officiellement lanc\u00e9 ce matin au Lyc\u00e9e Technique Commercial (LTC) de N&rsquo;Djamena la premi\u00e8re s\u00e9rie d&rsquo;\u00e9preuves \u00e9crites du baccalaur\u00e9at de l&rsquo;Enseignement secondaire g\u00e9n\u00e9ral et technique session de juin 2025.<\/p>","protected":false},"author":1,"featured_media":7744,"comment_status":"open","ping_status":"open","sticky":false,"template":"","format":"standard","meta":{"_eb_attr":"","footnotes":""},"categories":[1],"tags":[],"table_tags":[],"class_list":["post-7741","post","type-post","status-publish","format-standard","has-post-thumbnail","hentry","category-actualites"],"yoast_head":"<!-- This site is optimized with the Yoast SEO plugin v27.4 - https:\/\/yoast.com\/product\/yoast-seo-wordpress\/ -->\n<title>LANCEMENT OFFICIEL DU BAC 2025 - Enseignement Sup\u00e9rieur du Tchad<\/title>\n<meta name=\"robots\" content=\"index, follow, max-snippet:-1, max-image-preview:large, max-video-preview:-1\" \/>\n<link rel=\"canonical\" href=\"https:\/\/enseignementsuptchad.net\/ar\/2025\/06\/02\/lancement_officiel_du_bac_2025\/\" \/>\n<meta property=\"og:locale\" content=\"ar_AR\" \/>\n<meta property=\"og:type\" content=\"article\" \/>\n<meta property=\"og:title\" content=\"LANCEMENT OFFICIEL DU BAC 2025 - Enseignement Sup\u00e9rieur du Tchad\" \/>\n<meta property=\"og:description\" content=\"Le Ministre d&#039;\u00c9tat, Ministre de l&#039;Enseignement Sup\u00e9rieur, de la Recherche Scientifique et de la Formation Professionnelle TOM ERDIMI accompagn\u00e9 de son coll\u00e8gue de l&#039;\u00c9ducation Nationale et de la Promotion Civique Aboubacar Assidick Choroma a officiellement lanc\u00e9 ce matin au Lyc\u00e9e Technique Commercial (LTC) de N&#039;Djamena la premi\u00e8re s\u00e9rie d&#039;\u00e9preuves \u00e9crites du baccalaur\u00e9at de l&#039;Enseignement secondaire g\u00e9n\u00e9ral et technique session de juin 2025.\" \/>\n<meta property=\"og:url\" content=\"https:\/\/enseignementsuptchad.net\/ar\/2025\/06\/02\/lancement_officiel_du_bac_2025\/\" \/>\n<meta property=\"og:site_name\" content=\"Enseignement Sup\u00e9rieur du Tchad\" \/>\n<meta property=\"article:published_time\" content=\"2025-06-02T09:30:55+00:00\" \/>\n<meta property=\"article:modified_time\" content=\"2025-06-05T08:55:53+00:00\" \/>\n<meta property=\"og:image\" content=\"https:\/\/enseignementsuptchad.net\/wp-content\/uploads\/2025\/06\/Bac2025.jpg\" \/>\n\t<meta property=\"og:image:width\" content=\"1016\" \/>\n\t<meta property=\"og:image:height\" content=\"764\" \/>\n\t<meta property=\"og:image:type\" content=\"image\/jpeg\" \/>\n<meta name=\"author\" content=\"admin\" \/>\n<meta name=\"twitter:card\" content=\"summary_large_image\" \/>\n<meta name=\"twitter:label1\" content=\"\u0643\u064f\u062a\u0628 \u0628\u0648\u0627\u0633\u0637\u0629\" \/>\n\t<meta name=\"twitter:data1\" content=\"admin\" \/>\n\t<meta name=\"twitter:label2\" content=\"\u0648\u0642\u062a \u0627\u0644\u0642\u0631\u0627\u0621\u0629 \u0627\u0644\u0645\u064f\u0642\u062f\u0651\u0631\" \/>\n\t<meta name=\"twitter:data2\" content=\"\u062f\u0642\u064a\u0642\u062a\u0627\u0646\" \/>\n<script type=\"application\/ld+json\" class=\"yoast-schema-graph\">{\"@context\":\"https:\\\/\\\/schema.org\",\"@graph\":[{\"@type\":\"Article\",\"@id\":\"https:\\\/\\\/enseignementsuptchad.net\\\/2025\\\/06\\\/02\\\/lancement_officiel_du_bac_2025\\\/#article\",\"isPartOf\":{\"@id\":\"https:\\\/\\\/enseignementsuptchad.net\\\/2025\\\/06\\\/02\\\/lancement_officiel_du_bac_2025\\\/\"},\"author\":{\"name\":\"admin\",\"@id\":\"https:\\\/\\\/enseignementsuptchad.net\\\/#\\\/schema\\\/person\\\/4579467408ed17e7eaa72361e509631a\"},\"headline\":\"LANCEMENT OFFICIEL DU BAC 2025\",\"datePublished\":\"2025-06-02T09:30:55+00:00\",\"dateModified\":\"2025-06-05T08:55:53+00:00\",\"mainEntityOfPage\":{\"@id\":\"https:\\\/\\\/enseignementsuptchad.net\\\/2025\\\/06\\\/02\\\/lancement_officiel_du_bac_2025\\\/\"},\"wordCount\":200,\"commentCount\":0,\"publisher\":{\"@id\":\"https:\\\/\\\/enseignementsuptchad.net\\\/#organization\"},\"image\":{\"@id\":\"https:\\\/\\\/enseignementsuptchad.net\\\/2025\\\/06\\\/02\\\/lancement_officiel_du_bac_2025\\\/#primaryimage\"},\"thumbnailUrl\":\"https:\\\/\\\/enseignementsuptchad.net\\\/wp-content\\\/uploads\\\/2025\\\/06\\\/Bac2025.jpg\",\"articleSection\":[\"Actualit\u00e9s\"],\"inLanguage\":\"ar\",\"potentialAction\":[{\"@type\":\"CommentAction\",\"name\":\"Comment\",\"target\":[\"https:\\\/\\\/enseignementsuptchad.net\\\/2025\\\/06\\\/02\\\/lancement_officiel_du_bac_2025\\\/#respond\"]}]},{\"@type\":\"WebPage\",\"@id\":\"https:\\\/\\\/enseignementsuptchad.net\\\/2025\\\/06\\\/02\\\/lancement_officiel_du_bac_2025\\\/\",\"url\":\"https:\\\/\\\/enseignementsuptchad.net\\\/2025\\\/06\\\/02\\\/lancement_officiel_du_bac_2025\\\/\",\"name\":\"LANCEMENT OFFICIEL DU BAC 2025 - Enseignement Sup\u00e9rieur du Tchad\",\"isPartOf\":{\"@id\":\"https:\\\/\\\/enseignementsuptchad.net\\\/#website\"},\"primaryImageOfPage\":{\"@id\":\"https:\\\/\\\/enseignementsuptchad.net\\\/2025\\\/06\\\/02\\\/lancement_officiel_du_bac_2025\\\/#primaryimage\"},\"image\":{\"@id\":\"https:\\\/\\\/enseignementsuptchad.net\\\/2025\\\/06\\\/02\\\/lancement_officiel_du_bac_2025\\\/#primaryimage\"},\"thumbnailUrl\":\"https:\\\/\\\/enseignementsuptchad.net\\\/wp-content\\\/uploads\\\/2025\\\/06\\\/Bac2025.jpg\",\"datePublished\":\"2025-06-02T09:30:55+00:00\",\"dateModified\":\"2025-06-05T08:55:53+00:00\",\"breadcrumb\":{\"@id\":\"https:\\\/\\\/enseignementsuptchad.net\\\/2025\\\/06\\\/02\\\/lancement_officiel_du_bac_2025\\\/#breadcrumb\"},\"inLanguage\":\"ar\",\"potentialAction\":[{\"@type\":\"ReadAction\",\"target\":[\"https:\\\/\\\/enseignementsuptchad.net\\\/2025\\\/06\\\/02\\\/lancement_officiel_du_bac_2025\\\/\"]}]},{\"@type\":\"ImageObject\",\"inLanguage\":\"ar\",\"@id\":\"https:\\\/\\\/enseignementsuptchad.net\\\/2025\\\/06\\\/02\\\/lancement_officiel_du_bac_2025\\\/#primaryimage\",\"url\":\"https:\\\/\\\/enseignementsuptchad.net\\\/wp-content\\\/uploads\\\/2025\\\/06\\\/Bac2025.jpg\",\"contentUrl\":\"https:\\\/\\\/enseignementsuptchad.net\\\/wp-content\\\/uploads\\\/2025\\\/06\\\/Bac2025.jpg\",\"width\":1016,\"height\":764},{\"@type\":\"BreadcrumbList\",\"@id\":\"https:\\\/\\\/enseignementsuptchad.net\\\/2025\\\/06\\\/02\\\/lancement_officiel_du_bac_2025\\\/#breadcrumb\",\"itemListElement\":[{\"@type\":\"ListItem\",\"position\":1,\"name\":\"Home\",\"item\":\"https:\\\/\\\/enseignementsuptchad.net\\\/\"},{\"@type\":\"ListItem\",\"position\":2,\"name\":\"LANCEMENT OFFICIEL DU BAC 2025\"}]},{\"@type\":\"WebSite\",\"@id\":\"https:\\\/\\\/enseignementsuptchad.net\\\/#website\",\"url\":\"https:\\\/\\\/enseignementsuptchad.net\\\/\",\"name\":\"Enseignement Sup\u00e9rieur du Tchad\",\"description\":\"\",\"publisher\":{\"@id\":\"https:\\\/\\\/enseignementsuptchad.net\\\/#organization\"},\"potentialAction\":[{\"@type\":\"SearchAction\",\"target\":{\"@type\":\"EntryPoint\",\"urlTemplate\":\"https:\\\/\\\/enseignementsuptchad.net\\\/?s={search_term_string}\"},\"query-input\":{\"@type\":\"PropertyValueSpecification\",\"valueRequired\":true,\"valueName\":\"search_term_string\"}}],\"inLanguage\":\"ar\"},{\"@type\":\"Organization\",\"@id\":\"https:\\\/\\\/enseignementsuptchad.net\\\/#organization\",\"name\":\"Enseignement Sup\u00e9rieur du Tchad\",\"url\":\"https:\\\/\\\/enseignementsuptchad.net\\\/\",\"logo\":{\"@type\":\"ImageObject\",\"inLanguage\":\"ar\",\"@id\":\"https:\\\/\\\/enseignementsuptchad.net\\\/#\\\/schema\\\/logo\\\/image\\\/\",\"url\":\"https:\\\/\\\/enseignementsuptchad.net\\\/wp-content\\\/uploads\\\/2025\\\/04\\\/cropped-Plan-de-travail-1-1-1-e1748262558104.png\",\"contentUrl\":\"https:\\\/\\\/enseignementsuptchad.net\\\/wp-content\\\/uploads\\\/2025\\\/04\\\/cropped-Plan-de-travail-1-1-1-e1748262558104.png\",\"width\":162,\"height\":136,\"caption\":\"Enseignement Sup\u00e9rieur du Tchad\"},\"image\":{\"@id\":\"https:\\\/\\\/enseignementsuptchad.net\\\/#\\\/schema\\\/logo\\\/image\\\/\"}},{\"@type\":\"Person\",\"@id\":\"https:\\\/\\\/enseignementsuptchad.net\\\/#\\\/schema\\\/person\\\/4579467408ed17e7eaa72361e509631a\",\"name\":\"admin\",\"image\":{\"@type\":\"ImageObject\",\"inLanguage\":\"ar\",\"@id\":\"https:\\\/\\\/secure.gravatar.com\\\/avatar\\\/0a9041070f0d9a1956dd2171571c1258a7d6655dbbc262167e8b8edabf68fe08?s=96&d=mm&r=g\",\"url\":\"https:\\\/\\\/secure.gravatar.com\\\/avatar\\\/0a9041070f0d9a1956dd2171571c1258a7d6655dbbc262167e8b8edabf68fe08?s=96&d=mm&r=g\",\"contentUrl\":\"https:\\\/\\\/secure.gravatar.com\\\/avatar\\\/0a9041070f0d9a1956dd2171571c1258a7d6655dbbc262167e8b8edabf68fe08?s=96&d=mm&r=g\",\"caption\":\"admin\"},\"sameAs\":[\"https:\\\/\\\/enseignementsuptchad.net\"],\"url\":\"https:\\\/\\\/enseignementsuptchad.net\\\/ar\\\/author\\\/admin\\\/\"}]}<\/script>\n<!-- \/ Yoast SEO plugin. -->","yoast_head_json":{"title":"LANCEMENT OFFICIEL DU BAC 2025 - Enseignement Sup\u00e9rieur du Tchad","robots":{"index":"index","follow":"follow","max-snippet":"max-snippet:-1","max-image-preview":"max-image-preview:large","max-video-preview":"max-video-preview:-1"},"canonical":"https:\/\/enseignementsuptchad.net\/ar\/2025\/06\/02\/lancement_officiel_du_bac_2025\/","og_locale":"ar_AR","og_type":"article","og_title":"LANCEMENT OFFICIEL DU BAC 2025 - Enseignement Sup\u00e9rieur du Tchad","og_description":"Le Ministre d'\u00c9tat, Ministre de l'Enseignement Sup\u00e9rieur, de la Recherche Scientifique et de la Formation Professionnelle TOM ERDIMI accompagn\u00e9 de son coll\u00e8gue de l'\u00c9ducation Nationale et de la Promotion Civique Aboubacar Assidick Choroma a officiellement lanc\u00e9 ce matin au Lyc\u00e9e Technique Commercial (LTC) de N'Djamena la premi\u00e8re s\u00e9rie d'\u00e9preuves \u00e9crites du baccalaur\u00e9at de l'Enseignement secondaire g\u00e9n\u00e9ral et technique session de juin 2025.","og_url":"https:\/\/enseignementsuptchad.net\/ar\/2025\/06\/02\/lancement_officiel_du_bac_2025\/","og_site_name":"Enseignement Sup\u00e9rieur du Tchad","article_published_time":"2025-06-02T09:30:55+00:00","article_modified_time":"2025-06-05T08:55:53+00:00","og_image":[{"width":1016,"height":764,"url":"https:\/\/enseignementsuptchad.net\/wp-content\/uploads\/2025\/06\/Bac2025.jpg","type":"image\/jpeg"}],"author":"admin","twitter_card":"summary_large_image","twitter_misc":{"\u0643\u064f\u062a\u0628 \u0628\u0648\u0627\u0633\u0637\u0629":"admin","\u0648\u0642\u062a \u0627\u0644\u0642\u0631\u0627\u0621\u0629 \u0627\u0644\u0645\u064f\u0642\u062f\u0651\u0631":"\u062f\u0642\u064a\u0642\u062a\u0627\u0646"},"schema":{"@context":"https:\/\/schema.org","@graph":[{"@type":"Article","@id":"https:\/\/enseignementsuptchad.net\/2025\/06\/02\/lancement_officiel_du_bac_2025\/#article","isPartOf":{"@id":"https:\/\/enseignementsuptchad.net\/2025\/06\/02\/lancement_officiel_du_bac_2025\/"},"author":{"name":"admin","@id":"https:\/\/enseignementsuptchad.net\/#\/schema\/person\/4579467408ed17e7eaa72361e509631a"},"headline":"LANCEMENT OFFICIEL DU BAC 2025","datePublished":"2025-06-02T09:30:55+00:00","dateModified":"2025-06-05T08:55:53+00:00","mainEntityOfPage":{"@id":"https:\/\/enseignementsuptchad.net\/2025\/06\/02\/lancement_officiel_du_bac_2025\/"},"wordCount":200,"commentCount":0,"publisher":{"@id":"https:\/\/enseignementsuptchad.net\/#organization"},"image":{"@id":"https:\/\/enseignementsuptchad.net\/2025\/06\/02\/lancement_officiel_du_bac_2025\/#primaryimage"},"thumbnailUrl":"https:\/\/enseignementsuptchad.net\/wp-content\/uploads\/2025\/06\/Bac2025.jpg","articleSection":["Actualit\u00e9s"],"inLanguage":"ar","potentialAction":[{"@type":"CommentAction","name":"Comment","target":["https:\/\/enseignementsuptchad.net\/2025\/06\/02\/lancement_officiel_du_bac_2025\/#respond"]}]},{"@type":"WebPage","@id":"https:\/\/enseignementsuptchad.net\/2025\/06\/02\/lancement_officiel_du_bac_2025\/","url":"https:\/\/enseignementsuptchad.net\/2025\/06\/02\/lancement_officiel_du_bac_2025\/","name":"LANCEMENT OFFICIEL DU BAC 2025 - Enseignement Sup\u00e9rieur du Tchad","isPartOf":{"@id":"https:\/\/enseignementsuptchad.net\/#website"},"primaryImageOfPage":{"@id":"https:\/\/enseignementsuptchad.net\/2025\/06\/02\/lancement_officiel_du_bac_2025\/#primaryimage"},"image":{"@id":"https:\/\/enseignementsuptchad.net\/2025\/06\/02\/lancement_officiel_du_bac_2025\/#primaryimage"},"thumbnailUrl":"https:\/\/enseignementsuptchad.net\/wp-content\/uploads\/2025\/06\/Bac2025.jpg","datePublished":"2025-06-02T09:30:55+00:00","dateModified":"2025-06-05T08:55:53+00:00","breadcrumb":{"@id":"https:\/\/enseignementsuptchad.net\/2025\/06\/02\/lancement_officiel_du_bac_2025\/#breadcrumb"},"inLanguage":"ar","potentialAction":[{"@type":"ReadAction","target":["https:\/\/enseignementsuptchad.net\/2025\/06\/02\/lancement_officiel_du_bac_2025\/"]}]},{"@type":"ImageObject","inLanguage":"ar","@id":"https:\/\/enseignementsuptchad.net\/2025\/06\/02\/lancement_officiel_du_bac_2025\/#primaryimage","url":"https:\/\/enseignementsuptchad.net\/wp-content\/uploads\/2025\/06\/Bac2025.jpg","contentUrl":"https:\/\/enseignementsuptchad.net\/wp-content\/uploads\/2025\/06\/Bac2025.jpg","width":1016,"height":764},{"@type":"BreadcrumbList","@id":"https:\/\/enseignementsuptchad.net\/2025\/06\/02\/lancement_officiel_du_bac_2025\/#breadcrumb","itemListElement":[{"@type":"ListItem","position":1,"name":"Home","item":"https:\/\/enseignementsuptchad.net\/"},{"@type":"ListItem","position":2,"name":"LANCEMENT OFFICIEL DU BAC 2025"}]},{"@type":"WebSite","@id":"https:\/\/enseignementsuptchad.net\/#website","url":"https:\/\/enseignementsuptchad.net\/","name":"Enseignement Sup\u00e9rieur du Tchad","description":"","publisher":{"@id":"https:\/\/enseignementsuptchad.net\/#organization"},"potentialAction":[{"@type":"SearchAction","target":{"@type":"EntryPoint","urlTemplate":"https:\/\/enseignementsuptchad.net\/?s={search_term_string}"},"query-input":{"@type":"PropertyValueSpecification","valueRequired":true,"valueName":"search_term_string"}}],"inLanguage":"ar"},{"@type":"Organization","@id":"https:\/\/enseignementsuptchad.net\/#organization","name":"Enseignement Sup\u00e9rieur du Tchad","url":"https:\/\/enseignementsuptchad.net\/","logo":{"@type":"ImageObject","inLanguage":"ar","@id":"https:\/\/enseignementsuptchad.net\/#\/schema\/logo\/image\/","url":"https:\/\/enseignementsuptchad.net\/wp-content\/uploads\/2025\/04\/cropped-Plan-de-travail-1-1-1-e1748262558104.png","contentUrl":"https:\/\/enseignementsuptchad.net\/wp-content\/uploads\/2025\/04\/cropped-Plan-de-travail-1-1-1-e1748262558104.png","width":162,"height":136,"caption":"Enseignement Sup\u00e9rieur du Tchad"},"image":{"@id":"https:\/\/enseignementsuptchad.net\/#\/schema\/logo\/image\/"}},{"@type":"Person","@id":"https:\/\/enseignementsuptchad.net\/#\/schema\/person\/4579467408ed17e7eaa72361e509631a","name":"admin","image":{"@type":"ImageObject","inLanguage":"ar","@id":"https:\/\/secure.gravatar.com\/avatar\/0a9041070f0d9a1956dd2171571c1258a7d6655dbbc262167e8b8edabf68fe08?s=96&d=mm&r=g","url":"https:\/\/secure.gravatar.com\/avatar\/0a9041070f0d9a1956dd2171571c1258a7d6655dbbc262167e8b8edabf68fe08?s=96&d=mm&r=g","contentUrl":"https:\/\/secure.gravatar.com\/avatar\/0a9041070f0d9a1956dd2171571c1258a7d6655dbbc262167e8b8edabf68fe08?s=96&d=mm&r=g","caption":"admin"},"sameAs":["https:\/\/enseignementsuptchad.net"],"url":"https:\/\/enseignementsuptchad.net\/ar\/author\/admin\/"}]}},"_links":{"self":[{"href":"https:\/\/enseignementsuptchad.net\/ar\/wp-json\/wp\/v2\/posts\/7741","targetHints":{"allow":["GET"]}}],"collection":[{"href":"https:\/\/enseignementsuptchad.net\/ar\/wp-json\/wp\/v2\/posts"}],"about":[{"href":"https:\/\/enseignementsuptchad.net\/ar\/wp-json\/wp\/v2\/types\/post"}],"author":[{"embeddable":true,"href":"https:\/\/enseignementsuptchad.net\/ar\/wp-json\/wp\/v2\/users\/1"}],"replies":[{"embeddable":true,"href":"https:\/\/enseignementsuptchad.net\/ar\/wp-json\/wp\/v2\/comments?post=7741"}],"version-history":[{"count":3,"href":"https:\/\/enseignementsuptchad.net\/ar\/wp-json\/wp\/v2\/posts\/7741\/revisions"}],"predecessor-version":[{"id":7784,"href":"https:\/\/enseignementsuptchad.net\/ar\/wp-json\/wp\/v2\/posts\/7741\/revisions\/7784"}],"wp:featuredmedia":[{"embeddable":true,"href":"https:\/\/enseignementsuptchad.net\/ar\/wp-json\/wp\/v2\/media\/7744"}],"wp:attachment":[{"href":"https:\/\/enseignementsuptchad.net\/ar\/wp-json\/wp\/v2\/media?parent=7741"}],"wp:term":[{"taxonomy":"category","embeddable":true,"href":"https:\/\/enseignementsuptchad.net\/ar\/wp-json\/wp\/v2\/categories?post=7741"},{"taxonomy":"post_tag","embeddable":true,"href":"https:\/\/enseignementsuptchad.net\/ar\/wp-json\/wp\/v2\/tags?post=7741"},{"taxonomy":"table_tags","embeddable":true,"href":"https:\/\/enseignementsuptchad.net\/ar\/wp-json\/wp\/v2\/table_tags?post=7741"}],"curies":[{"name":"wp","href":"https:\/\/api.w.org\/{rel}","templated":true}]}}