{"id":7853,"date":"2025-06-25T10:52:40","date_gmt":"2025-06-25T09:52:40","guid":{"rendered":"https:\/\/enseignementsuptchad.net\/?p=7853"},"modified":"2025-06-25T10:52:44","modified_gmt":"2025-06-25T09:52:44","slug":"formation-de-40-formateurs-sur-le-renforcement-des-capacites-didactiques-et-pedagogiques","status":"publish","type":"post","link":"https:\/\/enseignementsuptchad.net\/ar\/2025\/06\/25\/formation-de-40-formateurs-sur-le-renforcement-des-capacites-didactiques-et-pedagogiques\/","title":{"rendered":"Formation de 40 formateurs sur le renforcement des capacit\u00e9s didactiques et p\u00e9dagogiques"},"content":{"rendered":"<p>Lancement ce 23 juin \u00e0 Sadjeri dans le 10\u00e8me arrondissement du S\u00e9minaire de formation sur le renforcement des capacit\u00e9s didactiques et p\u00e9dagogiques de 40 Formateurs des formateurs dans le cadre du PROFOR ( Programme R\u00e9gional Formation Professionnelle). C&rsquo;est la Secr\u00e9taire d&rsquo;\u00c9tat \u00e0 l&rsquo;Enseignement Sup\u00e9rieur, \u00e0 la Recherche Scientifique et \u00e0 la Formation Professionnelle Dr Colette Ngaber\u00e9 qui a ouvert les travaux en pr\u00e9sence des partenaires venus de la Suisse et de l&rsquo;Afrique de l&rsquo;Ouest.<\/p>\n\n\n\n<p>Cette formation est rendue possible gr\u00e2ce au partenariat entre le FONAP (Fonds National d&rsquo;Appui \u00e0 la Formation Professionnelle), le R\u00e9seau Africain des Institutions et Fonds de Formation Professionnelle (RAFPRO), ainsi que la Direction de D\u00e9veloppement et de la Coop\u00e9ration de l&rsquo;Agence suisse de coop\u00e9ration.<\/p>\n\n\n\n<p>Compte tenu du besoin pressant en formateurs des formateurs pour prendre en main les diff\u00e9rents Centres de Formation Technique et Professionnelle (CFTP) modernes, la Secr\u00e9taire d&rsquo;\u00c9tat \u00e0 l&rsquo;Enseignement Sup\u00e9rieur Dr Colette Ngaber\u00e9 a lanc\u00e9 un appel \u00e0 l&rsquo;endroit des autres partenaires afin d&#8217;embo\u00eeter les pas de ceux qui sont pr\u00e9cit\u00e9s.<\/p>\n\n\n\n<p>Au cours de cette c\u00e9r\u00e9monie de lancement, 7 Formateurs Tchadiens certifi\u00e9s ayant b\u00e9n\u00e9fici\u00e9 de la Formation \u00e0 Grand Bassam en C\u00f4te d&rsquo;Ivoire ont re\u00e7u leurs certificats internationaux.<\/p>\n\n\n\n<figure class=\"wp-block-gallery has-nested-images columns-default is-cropped wp-block-gallery-1 is-layout-flex wp-block-gallery-is-layout-flex\">\n<figure class=\"wp-block-image size-large\"><img fetchpriority=\"high\" width=\"1024\" height=\"768\" data-id=\"7858\"  alt=\"\" class=\"wp-image-7858 lws-optimize-lazyload\"><\/figure>\n\n\n\n<figure class=\"wp-block-image size-large\"><img width=\"1024\" height=\"768\" data-id=\"7859\"  alt=\"\" class=\"wp-image-7859 lws-optimize-lazyload\"><\/figure>\n\n\n\n<figure class=\"wp-block-image size-large\"><img width=\"1024\" height=\"768\" data-id=\"7864\"  alt=\"\" class=\"wp-image-7864 lws-optimize-lazyload\"><\/figure>\n\n\n\n<figure class=\"wp-block-image size-large\"><img loading=\"lazy\" width=\"1024\" height=\"768\" data-id=\"7856\"  alt=\"\" class=\"wp-image-7856 lws-optimize-lazyload\"><\/figure>\n\n\n\n<figure class=\"wp-block-image size-large\"><img loading=\"lazy\" width=\"1024\" height=\"768\" data-id=\"7866\"  alt=\"\" class=\"wp-image-7866 lws-optimize-lazyload\"><\/figure>\n\n\n\n<figure class=\"wp-block-image size-large\"><img loading=\"lazy\" width=\"1024\" height=\"768\" data-id=\"7860\"  alt=\"\" class=\"wp-image-7860 lws-optimize-lazyload\"><\/figure>\n\n\n\n<figure class=\"wp-block-image size-large\"><img loading=\"lazy\" width=\"1024\" height=\"768\" data-id=\"7863\"  alt=\"\" class=\"wp-image-7863 lws-optimize-lazyload\"><\/figure>\n\n\n\n<figure class=\"wp-block-image size-large\"><img loading=\"lazy\" width=\"1024\" height=\"768\" data-id=\"7867\"  alt=\"\" class=\"wp-image-7867 lws-optimize-lazyload\"><\/figure>\n\n\n\n<figure class=\"wp-block-image size-large\"><img loading=\"lazy\" width=\"1024\" height=\"768\" data-id=\"7857\"  alt=\"\" class=\"wp-image-7857 lws-optimize-lazyload\"><\/figure>\n\n\n\n<figure class=\"wp-block-image size-large\"><img loading=\"lazy\" width=\"1024\" height=\"768\" data-id=\"7855\"  alt=\"\" class=\"wp-image-7855 lws-optimize-lazyload\"><\/figure>\n\n\n\n<figure class=\"wp-block-image size-large\"><img loading=\"lazy\" width=\"1024\" height=\"768\" data-id=\"7861\"  alt=\"\" class=\"wp-image-7861 lws-optimize-lazyload\"><\/figure>\n\n\n\n<figure class=\"wp-block-image size-large\"><img loading=\"lazy\" width=\"1024\" height=\"768\" data-id=\"7862\"  alt=\"\" class=\"wp-image-7862 lws-optimize-lazyload\"><\/figure>\n\n\n\n<figure class=\"wp-block-image size-large\"><img loading=\"lazy\" width=\"1024\" height=\"768\" data-id=\"7865\"  alt=\"\" class=\"wp-image-7865 lws-optimize-lazyload\"><\/figure>\n<\/figure>","protected":false},"excerpt":{"rendered":"<p>Lancement ce 23 juin \u00e0 Sadjeri dans le 10\u00e8me arrondissement du S\u00e9minaire de formation sur le renforcement des capacit\u00e9s didactiques et p\u00e9dagogiques de 40 Formateurs des formateurs dans le cadre du PROFOR ( Programme R\u00e9gional Formation Professionnelle).<\/p>","protected":false},"author":1,"featured_media":7854,"comment_status":"open","ping_status":"open","sticky":false,"template":"","format":"standard","meta":{"_eb_attr":"","footnotes":""},"categories":[1],"tags":[],"table_tags":[],"class_list":["post-7853","post","type-post","status-publish","format-standard","has-post-thumbnail","hentry","category-actualites"],"yoast_head":"<!-- This site is optimized with the Yoast SEO plugin v27.4 - https:\/\/yoast.com\/product\/yoast-seo-wordpress\/ -->\n<title>Formation de 40 formateurs sur le renforcement des capacit\u00e9s didactiques et p\u00e9dagogiques - Enseignement Sup\u00e9rieur du Tchad<\/title>\n<meta name=\"robots\" content=\"index, follow, max-snippet:-1, max-image-preview:large, max-video-preview:-1\" \/>\n<link rel=\"canonical\" href=\"https:\/\/enseignementsuptchad.net\/ar\/2025\/06\/25\/formation-de-40-formateurs-sur-le-renforcement-des-capacites-didactiques-et-pedagogiques\/\" \/>\n<meta property=\"og:locale\" content=\"ar_AR\" \/>\n<meta property=\"og:type\" content=\"article\" \/>\n<meta property=\"og:title\" content=\"Formation de 40 formateurs sur le renforcement des capacit\u00e9s didactiques et p\u00e9dagogiques - Enseignement Sup\u00e9rieur du Tchad\" \/>\n<meta property=\"og:description\" content=\"Lancement ce 23 juin \u00e0 Sadjeri dans le 10\u00e8me arrondissement du S\u00e9minaire de formation sur le renforcement des capacit\u00e9s didactiques et p\u00e9dagogiques de 40 Formateurs des formateurs dans le cadre du PROFOR ( Programme R\u00e9gional Formation Professionnelle).\" \/>\n<meta property=\"og:url\" content=\"https:\/\/enseignementsuptchad.net\/ar\/2025\/06\/25\/formation-de-40-formateurs-sur-le-renforcement-des-capacites-didactiques-et-pedagogiques\/\" \/>\n<meta property=\"og:site_name\" content=\"Enseignement Sup\u00e9rieur du Tchad\" \/>\n<meta property=\"article:published_time\" content=\"2025-06-25T09:52:40+00:00\" \/>\n<meta property=\"article:modified_time\" content=\"2025-06-25T09:52:44+00:00\" \/>\n<meta property=\"og:image\" content=\"https:\/\/enseignementsuptchad.net\/wp-content\/uploads\/2025\/06\/Formation-Sa-13.jpg\" \/>\n\t<meta property=\"og:image:width\" content=\"1152\" \/>\n\t<meta property=\"og:image:height\" content=\"864\" \/>\n\t<meta property=\"og:image:type\" content=\"image\/jpeg\" \/>\n<meta name=\"author\" content=\"admin\" \/>\n<meta name=\"twitter:card\" content=\"summary_large_image\" \/>\n<meta name=\"twitter:label1\" content=\"\u0643\u064f\u062a\u0628 \u0628\u0648\u0627\u0633\u0637\u0629\" \/>\n\t<meta name=\"twitter:data1\" content=\"admin\" \/>\n\t<meta name=\"twitter:label2\" content=\"\u0648\u0642\u062a \u0627\u0644\u0642\u0631\u0627\u0621\u0629 \u0627\u0644\u0645\u064f\u0642\u062f\u0651\u0631\" \/>\n\t<meta name=\"twitter:data2\" content=\"4 \u062f\u0642\u0627\u0626\u0642\" \/>\n<script type=\"application\/ld+json\" class=\"yoast-schema-graph\">{\"@context\":\"https:\\\/\\\/schema.org\",\"@graph\":[{\"@type\":\"Article\",\"@id\":\"https:\\\/\\\/enseignementsuptchad.net\\\/2025\\\/06\\\/25\\\/formation-de-40-formateurs-sur-le-renforcement-des-capacites-didactiques-et-pedagogiques\\\/#article\",\"isPartOf\":{\"@id\":\"https:\\\/\\\/enseignementsuptchad.net\\\/2025\\\/06\\\/25\\\/formation-de-40-formateurs-sur-le-renforcement-des-capacites-didactiques-et-pedagogiques\\\/\"},\"author\":{\"name\":\"admin\",\"@id\":\"https:\\\/\\\/enseignementsuptchad.net\\\/#\\\/schema\\\/person\\\/4579467408ed17e7eaa72361e509631a\"},\"headline\":\"Formation de 40 formateurs sur le renforcement des capacit\u00e9s didactiques et p\u00e9dagogiques\",\"datePublished\":\"2025-06-25T09:52:40+00:00\",\"dateModified\":\"2025-06-25T09:52:44+00:00\",\"mainEntityOfPage\":{\"@id\":\"https:\\\/\\\/enseignementsuptchad.net\\\/2025\\\/06\\\/25\\\/formation-de-40-formateurs-sur-le-renforcement-des-capacites-didactiques-et-pedagogiques\\\/\"},\"wordCount\":233,\"commentCount\":0,\"publisher\":{\"@id\":\"https:\\\/\\\/enseignementsuptchad.net\\\/#organization\"},\"image\":{\"@id\":\"https:\\\/\\\/enseignementsuptchad.net\\\/2025\\\/06\\\/25\\\/formation-de-40-formateurs-sur-le-renforcement-des-capacites-didactiques-et-pedagogiques\\\/#primaryimage\"},\"thumbnailUrl\":\"https:\\\/\\\/enseignementsuptchad.net\\\/wp-content\\\/uploads\\\/2025\\\/06\\\/Formation-Sa-13.jpg\",\"articleSection\":[\"Actualit\u00e9s\"],\"inLanguage\":\"ar\",\"potentialAction\":[{\"@type\":\"CommentAction\",\"name\":\"Comment\",\"target\":[\"https:\\\/\\\/enseignementsuptchad.net\\\/2025\\\/06\\\/25\\\/formation-de-40-formateurs-sur-le-renforcement-des-capacites-didactiques-et-pedagogiques\\\/#respond\"]}]},{\"@type\":\"WebPage\",\"@id\":\"https:\\\/\\\/enseignementsuptchad.net\\\/2025\\\/06\\\/25\\\/formation-de-40-formateurs-sur-le-renforcement-des-capacites-didactiques-et-pedagogiques\\\/\",\"url\":\"https:\\\/\\\/enseignementsuptchad.net\\\/2025\\\/06\\\/25\\\/formation-de-40-formateurs-sur-le-renforcement-des-capacites-didactiques-et-pedagogiques\\\/\",\"name\":\"Formation de 40 formateurs sur le renforcement des capacit\u00e9s didactiques et p\u00e9dagogiques - Enseignement Sup\u00e9rieur du Tchad\",\"isPartOf\":{\"@id\":\"https:\\\/\\\/enseignementsuptchad.net\\\/#website\"},\"primaryImageOfPage\":{\"@id\":\"https:\\\/\\\/enseignementsuptchad.net\\\/2025\\\/06\\\/25\\\/formation-de-40-formateurs-sur-le-renforcement-des-capacites-didactiques-et-pedagogiques\\\/#primaryimage\"},\"image\":{\"@id\":\"https:\\\/\\\/enseignementsuptchad.net\\\/2025\\\/06\\\/25\\\/formation-de-40-formateurs-sur-le-renforcement-des-capacites-didactiques-et-pedagogiques\\\/#primaryimage\"},\"thumbnailUrl\":\"https:\\\/\\\/enseignementsuptchad.net\\\/wp-content\\\/uploads\\\/2025\\\/06\\\/Formation-Sa-13.jpg\",\"datePublished\":\"2025-06-25T09:52:40+00:00\",\"dateModified\":\"2025-06-25T09:52:44+00:00\",\"breadcrumb\":{\"@id\":\"https:\\\/\\\/enseignementsuptchad.net\\\/2025\\\/06\\\/25\\\/formation-de-40-formateurs-sur-le-renforcement-des-capacites-didactiques-et-pedagogiques\\\/#breadcrumb\"},\"inLanguage\":\"ar\",\"potentialAction\":[{\"@type\":\"ReadAction\",\"target\":[\"https:\\\/\\\/enseignementsuptchad.net\\\/2025\\\/06\\\/25\\\/formation-de-40-formateurs-sur-le-renforcement-des-capacites-didactiques-et-pedagogiques\\\/\"]}]},{\"@type\":\"ImageObject\",\"inLanguage\":\"ar\",\"@id\":\"https:\\\/\\\/enseignementsuptchad.net\\\/2025\\\/06\\\/25\\\/formation-de-40-formateurs-sur-le-renforcement-des-capacites-didactiques-et-pedagogiques\\\/#primaryimage\",\"url\":\"https:\\\/\\\/enseignementsuptchad.net\\\/wp-content\\\/uploads\\\/2025\\\/06\\\/Formation-Sa-13.jpg\",\"contentUrl\":\"https:\\\/\\\/enseignementsuptchad.net\\\/wp-content\\\/uploads\\\/2025\\\/06\\\/Formation-Sa-13.jpg\",\"width\":1152,\"height\":864},{\"@type\":\"BreadcrumbList\",\"@id\":\"https:\\\/\\\/enseignementsuptchad.net\\\/2025\\\/06\\\/25\\\/formation-de-40-formateurs-sur-le-renforcement-des-capacites-didactiques-et-pedagogiques\\\/#breadcrumb\",\"itemListElement\":[{\"@type\":\"ListItem\",\"position\":1,\"name\":\"Home\",\"item\":\"https:\\\/\\\/enseignementsuptchad.net\\\/\"},{\"@type\":\"ListItem\",\"position\":2,\"name\":\"Formation de 40 formateurs sur le renforcement des capacit\u00e9s didactiques et p\u00e9dagogiques\"}]},{\"@type\":\"WebSite\",\"@id\":\"https:\\\/\\\/enseignementsuptchad.net\\\/#website\",\"url\":\"https:\\\/\\\/enseignementsuptchad.net\\\/\",\"name\":\"Enseignement Sup\u00e9rieur du Tchad\",\"description\":\"\",\"publisher\":{\"@id\":\"https:\\\/\\\/enseignementsuptchad.net\\\/#organization\"},\"potentialAction\":[{\"@type\":\"SearchAction\",\"target\":{\"@type\":\"EntryPoint\",\"urlTemplate\":\"https:\\\/\\\/enseignementsuptchad.net\\\/?s={search_term_string}\"},\"query-input\":{\"@type\":\"PropertyValueSpecification\",\"valueRequired\":true,\"valueName\":\"search_term_string\"}}],\"inLanguage\":\"ar\"},{\"@type\":\"Organization\",\"@id\":\"https:\\\/\\\/enseignementsuptchad.net\\\/#organization\",\"name\":\"Enseignement Sup\u00e9rieur du Tchad\",\"url\":\"https:\\\/\\\/enseignementsuptchad.net\\\/\",\"logo\":{\"@type\":\"ImageObject\",\"inLanguage\":\"ar\",\"@id\":\"https:\\\/\\\/enseignementsuptchad.net\\\/#\\\/schema\\\/logo\\\/image\\\/\",\"url\":\"https:\\\/\\\/enseignementsuptchad.net\\\/wp-content\\\/uploads\\\/2025\\\/04\\\/cropped-Plan-de-travail-1-1-1-e1748262558104.png\",\"contentUrl\":\"https:\\\/\\\/enseignementsuptchad.net\\\/wp-content\\\/uploads\\\/2025\\\/04\\\/cropped-Plan-de-travail-1-1-1-e1748262558104.png\",\"width\":162,\"height\":136,\"caption\":\"Enseignement Sup\u00e9rieur du Tchad\"},\"image\":{\"@id\":\"https:\\\/\\\/enseignementsuptchad.net\\\/#\\\/schema\\\/logo\\\/image\\\/\"}},{\"@type\":\"Person\",\"@id\":\"https:\\\/\\\/enseignementsuptchad.net\\\/#\\\/schema\\\/person\\\/4579467408ed17e7eaa72361e509631a\",\"name\":\"admin\",\"image\":{\"@type\":\"ImageObject\",\"inLanguage\":\"ar\",\"@id\":\"https:\\\/\\\/secure.gravatar.com\\\/avatar\\\/0a9041070f0d9a1956dd2171571c1258a7d6655dbbc262167e8b8edabf68fe08?s=96&d=mm&r=g\",\"url\":\"https:\\\/\\\/secure.gravatar.com\\\/avatar\\\/0a9041070f0d9a1956dd2171571c1258a7d6655dbbc262167e8b8edabf68fe08?s=96&d=mm&r=g\",\"contentUrl\":\"https:\\\/\\\/secure.gravatar.com\\\/avatar\\\/0a9041070f0d9a1956dd2171571c1258a7d6655dbbc262167e8b8edabf68fe08?s=96&d=mm&r=g\",\"caption\":\"admin\"},\"sameAs\":[\"https:\\\/\\\/enseignementsuptchad.net\"],\"url\":\"https:\\\/\\\/enseignementsuptchad.net\\\/ar\\\/author\\\/admin\\\/\"}]}<\/script>\n<!-- \/ Yoast SEO plugin. -->","yoast_head_json":{"title":"Formation de 40 formateurs sur le renforcement des capacit\u00e9s didactiques et p\u00e9dagogiques - Enseignement Sup\u00e9rieur du Tchad","robots":{"index":"index","follow":"follow","max-snippet":"max-snippet:-1","max-image-preview":"max-image-preview:large","max-video-preview":"max-video-preview:-1"},"canonical":"https:\/\/enseignementsuptchad.net\/ar\/2025\/06\/25\/formation-de-40-formateurs-sur-le-renforcement-des-capacites-didactiques-et-pedagogiques\/","og_locale":"ar_AR","og_type":"article","og_title":"Formation de 40 formateurs sur le renforcement des capacit\u00e9s didactiques et p\u00e9dagogiques - Enseignement Sup\u00e9rieur du Tchad","og_description":"Lancement ce 23 juin \u00e0 Sadjeri dans le 10\u00e8me arrondissement du S\u00e9minaire de formation sur le renforcement des capacit\u00e9s didactiques et p\u00e9dagogiques de 40 Formateurs des formateurs dans le cadre du PROFOR ( Programme R\u00e9gional Formation Professionnelle).","og_url":"https:\/\/enseignementsuptchad.net\/ar\/2025\/06\/25\/formation-de-40-formateurs-sur-le-renforcement-des-capacites-didactiques-et-pedagogiques\/","og_site_name":"Enseignement Sup\u00e9rieur du Tchad","article_published_time":"2025-06-25T09:52:40+00:00","article_modified_time":"2025-06-25T09:52:44+00:00","og_image":[{"width":1152,"height":864,"url":"https:\/\/enseignementsuptchad.net\/wp-content\/uploads\/2025\/06\/Formation-Sa-13.jpg","type":"image\/jpeg"}],"author":"admin","twitter_card":"summary_large_image","twitter_misc":{"\u0643\u064f\u062a\u0628 \u0628\u0648\u0627\u0633\u0637\u0629":"admin","\u0648\u0642\u062a \u0627\u0644\u0642\u0631\u0627\u0621\u0629 \u0627\u0644\u0645\u064f\u0642\u062f\u0651\u0631":"4 \u062f\u0642\u0627\u0626\u0642"},"schema":{"@context":"https:\/\/schema.org","@graph":[{"@type":"Article","@id":"https:\/\/enseignementsuptchad.net\/2025\/06\/25\/formation-de-40-formateurs-sur-le-renforcement-des-capacites-didactiques-et-pedagogiques\/#article","isPartOf":{"@id":"https:\/\/enseignementsuptchad.net\/2025\/06\/25\/formation-de-40-formateurs-sur-le-renforcement-des-capacites-didactiques-et-pedagogiques\/"},"author":{"name":"admin","@id":"https:\/\/enseignementsuptchad.net\/#\/schema\/person\/4579467408ed17e7eaa72361e509631a"},"headline":"Formation de 40 formateurs sur le renforcement des capacit\u00e9s didactiques et p\u00e9dagogiques","datePublished":"2025-06-25T09:52:40+00:00","dateModified":"2025-06-25T09:52:44+00:00","mainEntityOfPage":{"@id":"https:\/\/enseignementsuptchad.net\/2025\/06\/25\/formation-de-40-formateurs-sur-le-renforcement-des-capacites-didactiques-et-pedagogiques\/"},"wordCount":233,"commentCount":0,"publisher":{"@id":"https:\/\/enseignementsuptchad.net\/#organization"},"image":{"@id":"https:\/\/enseignementsuptchad.net\/2025\/06\/25\/formation-de-40-formateurs-sur-le-renforcement-des-capacites-didactiques-et-pedagogiques\/#primaryimage"},"thumbnailUrl":"https:\/\/enseignementsuptchad.net\/wp-content\/uploads\/2025\/06\/Formation-Sa-13.jpg","articleSection":["Actualit\u00e9s"],"inLanguage":"ar","potentialAction":[{"@type":"CommentAction","name":"Comment","target":["https:\/\/enseignementsuptchad.net\/2025\/06\/25\/formation-de-40-formateurs-sur-le-renforcement-des-capacites-didactiques-et-pedagogiques\/#respond"]}]},{"@type":"WebPage","@id":"https:\/\/enseignementsuptchad.net\/2025\/06\/25\/formation-de-40-formateurs-sur-le-renforcement-des-capacites-didactiques-et-pedagogiques\/","url":"https:\/\/enseignementsuptchad.net\/2025\/06\/25\/formation-de-40-formateurs-sur-le-renforcement-des-capacites-didactiques-et-pedagogiques\/","name":"Formation de 40 formateurs sur le renforcement des capacit\u00e9s didactiques et p\u00e9dagogiques - Enseignement Sup\u00e9rieur du Tchad","isPartOf":{"@id":"https:\/\/enseignementsuptchad.net\/#website"},"primaryImageOfPage":{"@id":"https:\/\/enseignementsuptchad.net\/2025\/06\/25\/formation-de-40-formateurs-sur-le-renforcement-des-capacites-didactiques-et-pedagogiques\/#primaryimage"},"image":{"@id":"https:\/\/enseignementsuptchad.net\/2025\/06\/25\/formation-de-40-formateurs-sur-le-renforcement-des-capacites-didactiques-et-pedagogiques\/#primaryimage"},"thumbnailUrl":"https:\/\/enseignementsuptchad.net\/wp-content\/uploads\/2025\/06\/Formation-Sa-13.jpg","datePublished":"2025-06-25T09:52:40+00:00","dateModified":"2025-06-25T09:52:44+00:00","breadcrumb":{"@id":"https:\/\/enseignementsuptchad.net\/2025\/06\/25\/formation-de-40-formateurs-sur-le-renforcement-des-capacites-didactiques-et-pedagogiques\/#breadcrumb"},"inLanguage":"ar","potentialAction":[{"@type":"ReadAction","target":["https:\/\/enseignementsuptchad.net\/2025\/06\/25\/formation-de-40-formateurs-sur-le-renforcement-des-capacites-didactiques-et-pedagogiques\/"]}]},{"@type":"ImageObject","inLanguage":"ar","@id":"https:\/\/enseignementsuptchad.net\/2025\/06\/25\/formation-de-40-formateurs-sur-le-renforcement-des-capacites-didactiques-et-pedagogiques\/#primaryimage","url":"https:\/\/enseignementsuptchad.net\/wp-content\/uploads\/2025\/06\/Formation-Sa-13.jpg","contentUrl":"https:\/\/enseignementsuptchad.net\/wp-content\/uploads\/2025\/06\/Formation-Sa-13.jpg","width":1152,"height":864},{"@type":"BreadcrumbList","@id":"https:\/\/enseignementsuptchad.net\/2025\/06\/25\/formation-de-40-formateurs-sur-le-renforcement-des-capacites-didactiques-et-pedagogiques\/#breadcrumb","itemListElement":[{"@type":"ListItem","position":1,"name":"Home","item":"https:\/\/enseignementsuptchad.net\/"},{"@type":"ListItem","position":2,"name":"Formation de 40 formateurs sur le renforcement des capacit\u00e9s didactiques et p\u00e9dagogiques"}]},{"@type":"WebSite","@id":"https:\/\/enseignementsuptchad.net\/#website","url":"https:\/\/enseignementsuptchad.net\/","name":"Enseignement Sup\u00e9rieur du Tchad","description":"","publisher":{"@id":"https:\/\/enseignementsuptchad.net\/#organization"},"potentialAction":[{"@type":"SearchAction","target":{"@type":"EntryPoint","urlTemplate":"https:\/\/enseignementsuptchad.net\/?s={search_term_string}"},"query-input":{"@type":"PropertyValueSpecification","valueRequired":true,"valueName":"search_term_string"}}],"inLanguage":"ar"},{"@type":"Organization","@id":"https:\/\/enseignementsuptchad.net\/#organization","name":"Enseignement Sup\u00e9rieur du Tchad","url":"https:\/\/enseignementsuptchad.net\/","logo":{"@type":"ImageObject","inLanguage":"ar","@id":"https:\/\/enseignementsuptchad.net\/#\/schema\/logo\/image\/","url":"https:\/\/enseignementsuptchad.net\/wp-content\/uploads\/2025\/04\/cropped-Plan-de-travail-1-1-1-e1748262558104.png","contentUrl":"https:\/\/enseignementsuptchad.net\/wp-content\/uploads\/2025\/04\/cropped-Plan-de-travail-1-1-1-e1748262558104.png","width":162,"height":136,"caption":"Enseignement Sup\u00e9rieur du Tchad"},"image":{"@id":"https:\/\/enseignementsuptchad.net\/#\/schema\/logo\/image\/"}},{"@type":"Person","@id":"https:\/\/enseignementsuptchad.net\/#\/schema\/person\/4579467408ed17e7eaa72361e509631a","name":"admin","image":{"@type":"ImageObject","inLanguage":"ar","@id":"https:\/\/secure.gravatar.com\/avatar\/0a9041070f0d9a1956dd2171571c1258a7d6655dbbc262167e8b8edabf68fe08?s=96&d=mm&r=g","url":"https:\/\/secure.gravatar.com\/avatar\/0a9041070f0d9a1956dd2171571c1258a7d6655dbbc262167e8b8edabf68fe08?s=96&d=mm&r=g","contentUrl":"https:\/\/secure.gravatar.com\/avatar\/0a9041070f0d9a1956dd2171571c1258a7d6655dbbc262167e8b8edabf68fe08?s=96&d=mm&r=g","caption":"admin"},"sameAs":["https:\/\/enseignementsuptchad.net"],"url":"https:\/\/enseignementsuptchad.net\/ar\/author\/admin\/"}]}},"_links":{"self":[{"href":"https:\/\/enseignementsuptchad.net\/ar\/wp-json\/wp\/v2\/posts\/7853","targetHints":{"allow":["GET"]}}],"collection":[{"href":"https:\/\/enseignementsuptchad.net\/ar\/wp-json\/wp\/v2\/posts"}],"about":[{"href":"https:\/\/enseignementsuptchad.net\/ar\/wp-json\/wp\/v2\/types\/post"}],"author":[{"embeddable":true,"href":"https:\/\/enseignementsuptchad.net\/ar\/wp-json\/wp\/v2\/users\/1"}],"replies":[{"embeddable":true,"href":"https:\/\/enseignementsuptchad.net\/ar\/wp-json\/wp\/v2\/comments?post=7853"}],"version-history":[{"count":1,"href":"https:\/\/enseignementsuptchad.net\/ar\/wp-json\/wp\/v2\/posts\/7853\/revisions"}],"predecessor-version":[{"id":7868,"href":"https:\/\/enseignementsuptchad.net\/ar\/wp-json\/wp\/v2\/posts\/7853\/revisions\/7868"}],"wp:featuredmedia":[{"embeddable":true,"href":"https:\/\/enseignementsuptchad.net\/ar\/wp-json\/wp\/v2\/media\/7854"}],"wp:attachment":[{"href":"https:\/\/enseignementsuptchad.net\/ar\/wp-json\/wp\/v2\/media?parent=7853"}],"wp:term":[{"taxonomy":"category","embeddable":true,"href":"https:\/\/enseignementsuptchad.net\/ar\/wp-json\/wp\/v2\/categories?post=7853"},{"taxonomy":"post_tag","embeddable":true,"href":"https:\/\/enseignementsuptchad.net\/ar\/wp-json\/wp\/v2\/tags?post=7853"},{"taxonomy":"table_tags","embeddable":true,"href":"https:\/\/enseignementsuptchad.net\/ar\/wp-json\/wp\/v2\/table_tags?post=7853"}],"curies":[{"name":"wp","href":"https:\/\/api.w.org\/{rel}","templated":true}]}}